{"id":128,"date":"2017-03-28T15:48:46","date_gmt":"2017-03-28T14:48:46","guid":{"rendered":"http:\/\/www.vitalessencia.fr\/blog\/?p=128"},"modified":"2017-03-28T15:48:46","modified_gmt":"2017-03-28T14:48:46","slug":"utiliser-laloe-verra-peau","status":"publish","type":"post","link":"https:\/\/www.vitalessencia.fr\/blog\/utiliser-laloe-verra-peau\/","title":{"rendered":"Comment utiliser l&rsquo;aloe verra sur votre peau?"},"content":{"rendered":"<span class=\"rt-reading-time\" style=\"display: block;\"><span class=\"rt-label rt-prefix\">Temps de lecture\u00a0: <\/span> <span class=\"rt-time\">2<\/span> <span class=\"rt-label rt-postfix\">minutes<\/span><\/span><p>Vous \u00eates \u00e0 la recherche d\u2019un soin quotidien pour la peau, \u00e0 la fois naturel et ultra-efficace sans se ruiner\u00a0? On vous recommande le gel d\u2019aloe verre, cette une plante magnifique aux propri\u00e9t\u00e9s m\u00e9dicinales et cosm\u00e9tiques aussi vari\u00e9es qu\u2019exceptionnelles.<\/p>\n<p>Appel\u00e9 aussi \u00ab\u00a0la source de jeunesse\u00a0\u00bb par les civilisations anciennes, cette plante contint plus de 75 \u00e9l\u00e9ments nutritifs et d\u2019autres composants tels que les min\u00e9raux, les acides amin\u00e9s et les vitamines. Elle ne pr\u00e9sente aucune toxicit\u00e9 et aucune contre-indication. D\u2019ailleurs, elle fait partie des produits appel\u00e9s \u00ab\u00a0adaptog\u00e8nes\u00a0\u00bb qui sont connu par leur pouvoir \u00e0 am\u00e9liorer la sant\u00e9 de l\u2019organisme. Nourrissante et rajeunissante, cette plante a \u00e9galement des vertus apaisantes sur les infections et les inflammations de la peau. Flovie vous propose une cr\u00e8mes antidouleur compos\u00e9e de plantes m\u00e9dicinales : <a href=\"http:\/\/www.vitalessencia.fr\/blog\/soulager-douleurs-musculaires-leucalyptus\/\" target=\"_blank\">Emulsie<\/a>.<\/p>\n<p><a href=\"http:\/\/www.vitalessencia.fr\/blog\/wp-content\/uploads\/2017\/03\/aloe-vera.jpeg\"><img decoding=\"async\" loading=\"lazy\" class=\" wp-image-129 aligncenter\" src=\"http:\/\/www.vitalessencia.fr\/blog\/wp-content\/uploads\/2017\/03\/aloe-vera-300x225.jpeg\" alt=\"\" width=\"335\" height=\"251\" srcset=\"https:\/\/www.vitalessencia.fr\/blog\/wp-content\/uploads\/2017\/03\/aloe-vera-300x225.jpeg 300w, https:\/\/www.vitalessencia.fr\/blog\/wp-content\/uploads\/2017\/03\/aloe-vera.jpeg 750w\" sizes=\"(max-width: 335px) 100vw, 335px\" \/><\/a><\/p>\n<h2>Mode d\u2019emploi<\/h2>\n<p>M\u00e9langez deux cuill\u00e8res du gel d\u2019aloe verra avec une cuill\u00e8re \u00e0 soupe de miel. Mettez la pr\u00e9paration sur votre visage et laissez poser pendant 20 minutes. Ensuite, rincez \u00e0 l\u2019eau froide. Vous pouvez r\u00e9p\u00e9ter ce masque deux fois par semaine pur un meilleur r\u00e9sultat.<\/p>\n<p>Dans le blender, mettez le gel d\u2019aloe vera et une cuill\u00e8re \u00e0 soupe d\u2019eau de rose bio. Mixez le tous. Ensuite, mettez la pr\u00e9paration sur votre visage. C\u2019est un tonique visage apaisant parfaitement adapt\u00e9 \u00e0 tous types de peaux.<\/p>\n<p>M\u00e9langez une cuill\u00e8re \u00e0 soupe de yaourt nature avec du gel. Appliquez ce m\u00e9lange sur votre visage et laisser poser pendant 10 minutes. Puis rincez \u00e0 l\u2019eau froide. C\u2019est un masque ultra-hydratant tr\u00e8s b\u00e9n\u00e9fique pour les peaux s\u00e8ches.<\/p>\n<p>Vous pouvez aussi l\u2019utiliser directement sur un visage nettoy\u00e9. Il pr\u00e9vient le vieillissement de la peau en l&rsquo;adoucissant et a un effet rafra\u00eechissant imm\u00e9diat.<\/p>\n","protected":false},"excerpt":{"rendered":"<p><span class=\"rt-reading-time\" style=\"display: block;\"><span class=\"rt-label rt-prefix\">Temps de lecture\u00a0: <\/span> <span class=\"rt-time\">2<\/span> <span class=\"rt-label rt-postfix\">minutes<\/span><\/span> Vous \u00eates \u00e0 la recherche d\u2019un soin quotidien pour la peau, \u00e0 la fois naturel et ultra-efficace sans se ruiner\u00a0? On vous recommande le gel d\u2019aloe verre, cette une plante magnifique aux propri\u00e9t\u00e9s m\u00e9dicinales et cosm\u00e9tiques aussi vari\u00e9es qu\u2019exceptionnelles. Appel\u00e9 aussi \u00ab\u00a0la source de jeunesse\u00a0\u00bb par les civilisations anciennes, cette plante contint plus de 75 [&hellip;]<\/p>\n","protected":false},"author":1,"featured_media":0,"comment_status":"open","ping_status":"closed","sticky":false,"template":"","format":"standard","meta":{"footnotes":""},"categories":[1],"tags":[],"_links":{"self":[{"href":"https:\/\/www.vitalessencia.fr\/blog\/wp-json\/wp\/v2\/posts\/128"}],"collection":[{"href":"https:\/\/www.vitalessencia.fr\/blog\/wp-json\/wp\/v2\/posts"}],"about":[{"href":"https:\/\/www.vitalessencia.fr\/blog\/wp-json\/wp\/v2\/types\/post"}],"author":[{"embeddable":true,"href":"https:\/\/www.vitalessencia.fr\/blog\/wp-json\/wp\/v2\/users\/1"}],"replies":[{"embeddable":true,"href":"https:\/\/www.vitalessencia.fr\/blog\/wp-json\/wp\/v2\/comments?post=128"}],"version-history":[{"count":0,"href":"https:\/\/www.vitalessencia.fr\/blog\/wp-json\/wp\/v2\/posts\/128\/revisions"}],"wp:attachment":[{"href":"https:\/\/www.vitalessencia.fr\/blog\/wp-json\/wp\/v2\/media?parent=128"}],"wp:term":[{"taxonomy":"category","embeddable":true,"href":"https:\/\/www.vitalessencia.fr\/blog\/wp-json\/wp\/v2\/categories?post=128"},{"taxonomy":"post_tag","embeddable":true,"href":"https:\/\/www.vitalessencia.fr\/blog\/wp-json\/wp\/v2\/tags?post=128"}],"curies":[{"name":"wp","href":"https:\/\/api.w.org\/{rel}","templated":true}]}}